{"id":2646,"date":"2024-09-29T17:55:22","date_gmt":"2024-09-29T15:55:22","guid":{"rendered":"https:\/\/www.solawi-magerhof.de\/blog\/?p=2646"},"modified":"2024-09-29T17:55:22","modified_gmt":"2024-09-29T15:55:22","slug":"die-gurken-wurden-abgeraeumt","status":"publish","type":"post","link":"https:\/\/www.solawi-magerhof.de\/blog\/die-gurken-wurden-abgeraeumt\/","title":{"rendered":"Die Gurken wurden abger\u00e4umt."},"content":{"rendered":"\n<figure class=\"wp-block-image size-large\"><img loading=\"lazy\" decoding=\"async\" width=\"768\" height=\"1024\" src=\"https:\/\/www.solawi-magerhof.de\/blog\/wp-content\/uploads\/2024\/09\/IMG_0351-768x1024.jpg\" alt=\"\" class=\"wp-image-2647\" srcset=\"https:\/\/www.solawi-magerhof.de\/blog\/wp-content\/uploads\/2024\/09\/IMG_0351-768x1024.jpg 768w, https:\/\/www.solawi-magerhof.de\/blog\/wp-content\/uploads\/2024\/09\/IMG_0351-225x300.jpg 225w, https:\/\/www.solawi-magerhof.de\/blog\/wp-content\/uploads\/2024\/09\/IMG_0351-1152x1536.jpg 1152w, https:\/\/www.solawi-magerhof.de\/blog\/wp-content\/uploads\/2024\/09\/IMG_0351-rotated.jpg 1512w\" sizes=\"auto, (max-width: 768px) 100vw, 768px\" \/><figcaption>Man sieht, dass die Zeit f\u00fcr Gurken langsam abl\u00e4uft. Um den n\u00e4chsten Kulturen Platz zu schaffen, r\u00e4umten wir am  letzten Donnerstag den Folientunnel aus.<\/figcaption><\/figure>\n\n\n\n<!--more-->\n\n\n\n<figure class=\"wp-block-image size-large\"><img loading=\"lazy\" decoding=\"async\" width=\"768\" height=\"1024\" src=\"https:\/\/www.solawi-magerhof.de\/blog\/wp-content\/uploads\/2024\/09\/IMG_0347-768x1024.jpg\" alt=\"\" class=\"wp-image-2648\" srcset=\"https:\/\/www.solawi-magerhof.de\/blog\/wp-content\/uploads\/2024\/09\/IMG_0347-768x1024.jpg 768w, https:\/\/www.solawi-magerhof.de\/blog\/wp-content\/uploads\/2024\/09\/IMG_0347-225x300.jpg 225w, https:\/\/www.solawi-magerhof.de\/blog\/wp-content\/uploads\/2024\/09\/IMG_0347-1152x1536.jpg 1152w, https:\/\/www.solawi-magerhof.de\/blog\/wp-content\/uploads\/2024\/09\/IMG_0347-rotated.jpg 1512w\" sizes=\"auto, (max-width: 768px) 100vw, 768px\" \/><figcaption>Eigentlich keine Story wert, aber beim Arbeiten fiel Bogdan eine Gurke auf, die wir wohl die letzten Wochen irgendwie \u00fcbersehen haben.<\/figcaption><\/figure>\n\n\n\n<figure class=\"wp-block-image size-large\"><img loading=\"lazy\" decoding=\"async\" width=\"768\" height=\"1024\" src=\"https:\/\/www.solawi-magerhof.de\/blog\/wp-content\/uploads\/2024\/09\/IMG_0350-768x1024.jpg\" alt=\"\" class=\"wp-image-2649\" srcset=\"https:\/\/www.solawi-magerhof.de\/blog\/wp-content\/uploads\/2024\/09\/IMG_0350-768x1024.jpg 768w, https:\/\/www.solawi-magerhof.de\/blog\/wp-content\/uploads\/2024\/09\/IMG_0350-225x300.jpg 225w, https:\/\/www.solawi-magerhof.de\/blog\/wp-content\/uploads\/2024\/09\/IMG_0350-1152x1536.jpg 1152w, https:\/\/www.solawi-magerhof.de\/blog\/wp-content\/uploads\/2024\/09\/IMG_0350-rotated.jpg 1512w\" sizes=\"auto, (max-width: 768px) 100vw, 768px\" \/><figcaption>Sie wuchs unbemerkt \u00fcber eine Strebe im obersten Teil des Tunnels<\/figcaption><\/figure>\n\n\n\n<figure class=\"wp-block-image size-large\"><img loading=\"lazy\" decoding=\"async\" width=\"1024\" height=\"768\" src=\"https:\/\/www.solawi-magerhof.de\/blog\/wp-content\/uploads\/2024\/09\/IMG_0349-1024x768.jpg\" alt=\"\" class=\"wp-image-2650\" srcset=\"https:\/\/www.solawi-magerhof.de\/blog\/wp-content\/uploads\/2024\/09\/IMG_0349-1024x768.jpg 1024w, https:\/\/www.solawi-magerhof.de\/blog\/wp-content\/uploads\/2024\/09\/IMG_0349-300x225.jpg 300w, https:\/\/www.solawi-magerhof.de\/blog\/wp-content\/uploads\/2024\/09\/IMG_0349-768x576.jpg 768w, https:\/\/www.solawi-magerhof.de\/blog\/wp-content\/uploads\/2024\/09\/IMG_0349-1536x1152.jpg 1536w, https:\/\/www.solawi-magerhof.de\/blog\/wp-content\/uploads\/2024\/09\/IMG_0349.jpg 2016w\" sizes=\"auto, (max-width: 1024px) 100vw, 1024px\" \/><figcaption>zu einem wirklich gro\u00dfen Exemplar  heran. <\/figcaption><\/figure>\n\n\n\n<figure class=\"wp-block-image size-large\"><img loading=\"lazy\" decoding=\"async\" width=\"768\" height=\"1024\" src=\"https:\/\/www.solawi-magerhof.de\/blog\/wp-content\/uploads\/2024\/09\/IMG_0357-768x1024.jpg\" alt=\"\" class=\"wp-image-2651\" srcset=\"https:\/\/www.solawi-magerhof.de\/blog\/wp-content\/uploads\/2024\/09\/IMG_0357-768x1024.jpg 768w, https:\/\/www.solawi-magerhof.de\/blog\/wp-content\/uploads\/2024\/09\/IMG_0357-225x300.jpg 225w, https:\/\/www.solawi-magerhof.de\/blog\/wp-content\/uploads\/2024\/09\/IMG_0357-1152x1536.jpg 1152w, https:\/\/www.solawi-magerhof.de\/blog\/wp-content\/uploads\/2024\/09\/IMG_0357-rotated.jpg 1512w\" sizes=\"auto, (max-width: 768px) 100vw, 768px\" \/><figcaption>Echt gro\u00df.<\/figcaption><\/figure>\n\n\n\n<figure class=\"wp-block-image size-large\"><img loading=\"lazy\" decoding=\"async\" width=\"999\" height=\"1024\" src=\"https:\/\/www.solawi-magerhof.de\/blog\/wp-content\/uploads\/2024\/09\/IMG_0361-999x1024.jpg\" alt=\"\" class=\"wp-image-2652\" srcset=\"https:\/\/www.solawi-magerhof.de\/blog\/wp-content\/uploads\/2024\/09\/IMG_0361-999x1024.jpg 999w, https:\/\/www.solawi-magerhof.de\/blog\/wp-content\/uploads\/2024\/09\/IMG_0361-293x300.jpg 293w, https:\/\/www.solawi-magerhof.de\/blog\/wp-content\/uploads\/2024\/09\/IMG_0361-768x788.jpg 768w, https:\/\/www.solawi-magerhof.de\/blog\/wp-content\/uploads\/2024\/09\/IMG_0361-1498x1536.jpg 1498w, https:\/\/www.solawi-magerhof.de\/blog\/wp-content\/uploads\/2024\/09\/IMG_0361-1997x2048.jpg 1997w\" sizes=\"auto, (max-width: 999px) 100vw, 999px\" \/><figcaption>Vor dem heftigen Regen haben wir noch schnell 1\/4 der abgeschnittenen Gurken auf einem Wagen verstauen k\u00f6nnen. Platz f\u00fcr Asiasalat und den ersten Feldsalat ist jetzt da. <\/figcaption><\/figure>\n","protected":false},"excerpt":{"rendered":"","protected":false},"author":2,"featured_media":0,"comment_status":"open","ping_status":"open","sticky":false,"template":"","format":"standard","meta":{"footnotes":""},"categories":[7,9],"tags":[],"class_list":["post-2646","post","type-post","status-publish","format-standard","hentry","category-impressionen","category-rezepte-und-tipps"],"_links":{"self":[{"href":"https:\/\/www.solawi-magerhof.de\/blog\/wp-json\/wp\/v2\/posts\/2646","targetHints":{"allow":["GET"]}}],"collection":[{"href":"https:\/\/www.solawi-magerhof.de\/blog\/wp-json\/wp\/v2\/posts"}],"about":[{"href":"https:\/\/www.solawi-magerhof.de\/blog\/wp-json\/wp\/v2\/types\/post"}],"author":[{"embeddable":true,"href":"https:\/\/www.solawi-magerhof.de\/blog\/wp-json\/wp\/v2\/users\/2"}],"replies":[{"embeddable":true,"href":"https:\/\/www.solawi-magerhof.de\/blog\/wp-json\/wp\/v2\/comments?post=2646"}],"version-history":[{"count":1,"href":"https:\/\/www.solawi-magerhof.de\/blog\/wp-json\/wp\/v2\/posts\/2646\/revisions"}],"predecessor-version":[{"id":2653,"href":"https:\/\/www.solawi-magerhof.de\/blog\/wp-json\/wp\/v2\/posts\/2646\/revisions\/2653"}],"wp:attachment":[{"href":"https:\/\/www.solawi-magerhof.de\/blog\/wp-json\/wp\/v2\/media?parent=2646"}],"wp:term":[{"taxonomy":"category","embeddable":true,"href":"https:\/\/www.solawi-magerhof.de\/blog\/wp-json\/wp\/v2\/categories?post=2646"},{"taxonomy":"post_tag","embeddable":true,"href":"https:\/\/www.solawi-magerhof.de\/blog\/wp-json\/wp\/v2\/tags?post=2646"}],"curies":[{"name":"wp","href":"https:\/\/api.w.org\/{rel}","templated":true}]}}